{"id":1,"date":"2022-12-20T12:51:06","date_gmt":"2022-12-20T11:51:06","guid":{"rendered":"https:\/\/www.spd-bremen-walle.de\/wordpress\/?p=1"},"modified":"2022-12-29T21:11:34","modified_gmt":"2022-12-29T20:11:34","slug":"hallo-welt","status":"publish","type":"post","link":"https:\/\/www.spd-bremen-walle.de\/wordpress\/?p=1","title":{"rendered":"Unser Blog f\u00fcr Walle!"},"content":{"rendered":"\n<p>Liebe Leser*innen, liebe Waller*innen,<\/p>\n\n\n\n<p>an dieser Stelle wollen wir k\u00fcnftig \u00fcber unsere Arbeit und unseren Stadtteil informieren. Wir planen kurze Berichte aus Beirat und B\u00fcrgerschaft, Meinungsartikel zur aktuellen Lage und hintergr\u00fcndige Informationen zu wichtigen Themen im Stadtteil.<\/p>\n\n\n\n<p>Wenn euch ein Beitrag gef\u00e4llt oder ihr ihn lesenwert findet, teilt ihn gerne in den sozialen Netzwerken &#8211; das hilft uns und bringt die wichtigen Informationen an die Menschen in Walle. <\/p>\n\n\n\n<p>F\u00fcr Feedback, Anregungen oder Kritik sind wir nat\u00fcrlich immer offen &#8211; dazu kann gerne unsere <a href=\"https:\/\/www.spd-bremen-walle.de\/wordpress\/?page_id=15\" target=\"_blank\" rel=\"noreferrer noopener\">Kontaktseite<\/a> genutzt werden.<\/p>\n","protected":false},"excerpt":{"rendered":"<p>Liebe Leser*innen, liebe Waller*innen, an dieser Stelle wollen wir k\u00fcnftig \u00fcber unsere Arbeit und unseren Stadtteil informieren. Wir planen kurze Berichte aus Beirat und B\u00fcrgerschaft, Meinungsartikel zur aktuellen Lage und hintergr\u00fcndige Informationen zu wichtigen Themen im Stadtteil. Wenn euch ein Beitrag gef\u00e4llt oder ihr ihn lesenwert findet, teilt ihn gerne in den sozialen Netzwerken &#8211;&hellip;<\/p>\n","protected":false},"author":1,"featured_media":0,"comment_status":"closed","ping_status":"closed","sticky":false,"template":"","format":"standard","meta":{"footnotes":""},"categories":[1],"tags":[],"class_list":["post-1","post","type-post","status-publish","format-standard","hentry","category-allgemein"],"_links":{"self":[{"href":"https:\/\/www.spd-bremen-walle.de\/wordpress\/index.php?rest_route=\/wp\/v2\/posts\/1","targetHints":{"allow":["GET"]}}],"collection":[{"href":"https:\/\/www.spd-bremen-walle.de\/wordpress\/index.php?rest_route=\/wp\/v2\/posts"}],"about":[{"href":"https:\/\/www.spd-bremen-walle.de\/wordpress\/index.php?rest_route=\/wp\/v2\/types\/post"}],"author":[{"embeddable":true,"href":"https:\/\/www.spd-bremen-walle.de\/wordpress\/index.php?rest_route=\/wp\/v2\/users\/1"}],"replies":[{"embeddable":true,"href":"https:\/\/www.spd-bremen-walle.de\/wordpress\/index.php?rest_route=%2Fwp%2Fv2%2Fcomments&post=1"}],"version-history":[{"count":2,"href":"https:\/\/www.spd-bremen-walle.de\/wordpress\/index.php?rest_route=\/wp\/v2\/posts\/1\/revisions"}],"predecessor-version":[{"id":132,"href":"https:\/\/www.spd-bremen-walle.de\/wordpress\/index.php?rest_route=\/wp\/v2\/posts\/1\/revisions\/132"}],"wp:attachment":[{"href":"https:\/\/www.spd-bremen-walle.de\/wordpress\/index.php?rest_route=%2Fwp%2Fv2%2Fmedia&parent=1"}],"wp:term":[{"taxonomy":"category","embeddable":true,"href":"https:\/\/www.spd-bremen-walle.de\/wordpress\/index.php?rest_route=%2Fwp%2Fv2%2Fcategories&post=1"},{"taxonomy":"post_tag","embeddable":true,"href":"https:\/\/www.spd-bremen-walle.de\/wordpress\/index.php?rest_route=%2Fwp%2Fv2%2Ftags&post=1"}],"curies":[{"name":"wp","href":"https:\/\/api.w.org\/{rel}","templated":true}]}}