{"id":249,"date":"2023-02-26T13:54:55","date_gmt":"2023-02-26T12:54:55","guid":{"rendered":"https:\/\/www.spd-bremen-walle.de\/wordpress\/?p=249"},"modified":"2023-02-26T13:54:55","modified_gmt":"2023-02-26T12:54:55","slug":"klimeneutral-heizen","status":"publish","type":"post","link":"https:\/\/www.spd-bremen-walle.de\/wordpress\/?p=249","title":{"rendered":"Klimeneutral Heizen"},"content":{"rendered":"\n<p>Im Fachausschuss Bau, Umwelt und Verkehr ging es am letzten Montag ein weiteres Mal um die zuk\u00fcnftige W\u00e4rmeversorgung in Walle. Ein Vertreter der swb stellte die Planungen seines Unternehmens zum Ausbau der Fernw\u00e4rme vor. Darin kommt Walle zwar vor, aber bei Weitem nicht ausreichend. Denn durch die privatwirtschaftliche Brille gilt es, mit wenig Aufwand viel zu verkaufen. So orientiert sich swb an Gro\u00dfverbrauchern. Das ist zwar irgendwie verst\u00e4ndlich &#8211; aber dann muss eben das Klimaschutzressort daf\u00fcr sorgen, dass die  kleinteilige Bebauung, die Walle in weiten Teilen pr\u00e4gt, klimaneutral beheizt werden kann. <br>W\u00e4rmepumpen sind in der dichten Bebauung keine wirkliche Alternative. Und so besteht die Gefahr, dass manche Gasheizung noch erneuert und damit eine Entscheidung f\u00fcr die n\u00e4chsten fossilen 20 Jahre getroffen wird, so lange dies noch zul\u00e4ssig ist. Deshalb muss SKUMS den Waller Haushalten dringend mehr Unterst\u00fctzung beim Umstieg auf klimaneutrale W\u00e4rme geben und vor allem: endlich Orientierung geben.<br>Leider blieb der Vertreter von SKUMS recht unkonkret, denn eineinhalb Jahre nach der Arbeit der Klima-Enquetekommission f\u00e4ngt man dort gerade erst mit der kommunalen W\u00e4rmeplanung an.<br><\/p>\n","protected":false},"excerpt":{"rendered":"<p>Im Fachausschuss Bau, Umwelt und Verkehr ging es am letzten Montag ein weiteres Mal um die zuk\u00fcnftige W\u00e4rmeversorgung in Walle. Ein Vertreter der swb stellte die Planungen seines Unternehmens zum Ausbau der Fernw\u00e4rme vor. Darin kommt Walle zwar vor, aber bei Weitem nicht ausreichend. Denn durch die privatwirtschaftliche Brille gilt es, mit wenig Aufwand viel&hellip;<\/p>\n","protected":false},"author":2,"featured_media":0,"comment_status":"open","ping_status":"open","sticky":false,"template":"","format":"standard","meta":{"footnotes":""},"categories":[1],"tags":[],"class_list":["post-249","post","type-post","status-publish","format-standard","hentry","category-allgemein"],"_links":{"self":[{"href":"https:\/\/www.spd-bremen-walle.de\/wordpress\/index.php?rest_route=\/wp\/v2\/posts\/249","targetHints":{"allow":["GET"]}}],"collection":[{"href":"https:\/\/www.spd-bremen-walle.de\/wordpress\/index.php?rest_route=\/wp\/v2\/posts"}],"about":[{"href":"https:\/\/www.spd-bremen-walle.de\/wordpress\/index.php?rest_route=\/wp\/v2\/types\/post"}],"author":[{"embeddable":true,"href":"https:\/\/www.spd-bremen-walle.de\/wordpress\/index.php?rest_route=\/wp\/v2\/users\/2"}],"replies":[{"embeddable":true,"href":"https:\/\/www.spd-bremen-walle.de\/wordpress\/index.php?rest_route=%2Fwp%2Fv2%2Fcomments&post=249"}],"version-history":[{"count":2,"href":"https:\/\/www.spd-bremen-walle.de\/wordpress\/index.php?rest_route=\/wp\/v2\/posts\/249\/revisions"}],"predecessor-version":[{"id":254,"href":"https:\/\/www.spd-bremen-walle.de\/wordpress\/index.php?rest_route=\/wp\/v2\/posts\/249\/revisions\/254"}],"wp:attachment":[{"href":"https:\/\/www.spd-bremen-walle.de\/wordpress\/index.php?rest_route=%2Fwp%2Fv2%2Fmedia&parent=249"}],"wp:term":[{"taxonomy":"category","embeddable":true,"href":"https:\/\/www.spd-bremen-walle.de\/wordpress\/index.php?rest_route=%2Fwp%2Fv2%2Fcategories&post=249"},{"taxonomy":"post_tag","embeddable":true,"href":"https:\/\/www.spd-bremen-walle.de\/wordpress\/index.php?rest_route=%2Fwp%2Fv2%2Ftags&post=249"}],"curies":[{"name":"wp","href":"https:\/\/api.w.org\/{rel}","templated":true}]}}