{"id":720,"date":"2026-07-11T16:56:24","date_gmt":"2026-07-11T14:56:24","guid":{"rendered":"https:\/\/www.spd-bremen-walle.de\/wordpress\/?p=720"},"modified":"2026-07-11T16:56:24","modified_gmt":"2026-07-11T14:56:24","slug":"grosse-resonanz-auf-informationsabend-zum-zukunftsquartier-piek-17","status":"publish","type":"post","link":"https:\/\/www.spd-bremen-walle.de\/wordpress\/?p=720","title":{"rendered":"Gro\u00dfe Resonanz auf Informationsabend zum Zukunftsquartier Piek 17"},"content":{"rendered":"\n<p class=\"wp-block-paragraph\">Auf Einladung der SPD-B\u00fcrgerschaftsfraktion und des B\u00fcrgerschaftsabgeordneten Falk Wagner fand gemeinsam mit der Ortsgruppe \u00dcberseestadt des SPD-Ortsvereins Walle ein Informationsabend zum Zukunftsquartier Piek 17 statt.<\/p>\n\n\n\n<p class=\"wp-block-paragraph\">Im Mittelpunkt der Veranstaltung stand ein \u00e4u\u00dferst informativer Vortrag der Wirtschaftsf\u00f6rderung Bremen (WFB) \u00fcber den aktuellen Stand der Planungen f\u00fcr das Zukunftsquartier. Als Referierende gaben Sven J\u00e4ger, Projektleiter der Stabsstelle Transformationsprojekte, und Dr. Valerie Hoberg, Projektleiterin der Stabsstelle Transformationsprojekte, einen umfassenden Einblick in die Entwicklung des Projekts und die n\u00e4chsten Planungsschritte.<\/p>\n\n\n\n<p class=\"wp-block-paragraph\">Im Anschluss entwickelte sich ein ausf\u00fchrlicher, konstruktiver und fachlich qualifizierter Austausch mit den interessierten Besuchern. Die vielen Fragen und Anregungen zeigten das gro\u00dfe Interesse an der Entwicklung der \u00dcberseestadt und verdeutlichten zugleich, wie wichtig der direkte Dialog zwischen Politik, Verwaltung und Anwohnern ist.<\/p>\n\n\n\n<p class=\"wp-block-paragraph\">Das Zukunftsquartier Piek 17 geh\u00f6rt zu den gr\u00f6\u00dften Stadtentwicklungsprojekten Europas. Auf dem ehemaligen Hafenareal soll ein modernes Quartier entstehen, das Wohnen, Arbeiten, Freizeit und nachhaltige Mobilit\u00e4t miteinander verbindet und gleichzeitig neue wirtschaftliche Impulse f\u00fcr Bremen setzt.<\/p>\n\n\n\n<p class=\"wp-block-paragraph\">Die Veranstaltung vermittelte nicht nur wertvolle Informationen, sondern zeigte auch, dass das Interesse an der politischen Arbeit vor Ort w\u00e4chst und die Aktivit\u00e4ten der SPD in der \u00dcberseestadt zunehmend wahrgenommen werden.<\/p>\n\n\n\n<p class=\"wp-block-paragraph\">Wir bedanken uns herzlich bei Sven J\u00e4ger und Dr. Valerie Hoberg f\u00fcr ihren informativen Vortrag sowie bei allen G\u00e4sten f\u00fcr die engagierte Diskussion und den offenen Austausch.<\/p>\n\n\n\n<p class=\"wp-block-paragraph\">Weiterf\u00fchrende Informationen zum Zukunftsquartier Piek 17 finden Sie unter folgendem Link: https:\/\/www.wfb-bremen.de\/de\/page\/news\/116576<\/p>\n","protected":false},"excerpt":{"rendered":"<p>Auf Einladung der SPD-B\u00fcrgerschaftsfraktion und des B\u00fcrgerschaftsabgeordneten Falk Wagner fand gemeinsam mit der Ortsgruppe \u00dcberseestadt des SPD-Ortsvereins Walle ein Informationsabend zum Zukunftsquartier Piek 17 statt. Im Mittelpunkt der Veranstaltung stand ein \u00e4u\u00dferst informativer Vortrag der Wirtschaftsf\u00f6rderung Bremen (WFB) \u00fcber den aktuellen Stand der Planungen f\u00fcr das Zukunftsquartier. Als Referierende gaben Sven J\u00e4ger, Projektleiter der Stabsstelle&hellip;<\/p>\n","protected":false},"author":5,"featured_media":726,"comment_status":"open","ping_status":"open","sticky":false,"template":"","format":"standard","meta":{"footnotes":""},"categories":[1],"tags":[],"class_list":["post-720","post","type-post","status-publish","format-standard","has-post-thumbnail","hentry","category-allgemein"],"_links":{"self":[{"href":"https:\/\/www.spd-bremen-walle.de\/wordpress\/index.php?rest_route=\/wp\/v2\/posts\/720","targetHints":{"allow":["GET"]}}],"collection":[{"href":"https:\/\/www.spd-bremen-walle.de\/wordpress\/index.php?rest_route=\/wp\/v2\/posts"}],"about":[{"href":"https:\/\/www.spd-bremen-walle.de\/wordpress\/index.php?rest_route=\/wp\/v2\/types\/post"}],"author":[{"embeddable":true,"href":"https:\/\/www.spd-bremen-walle.de\/wordpress\/index.php?rest_route=\/wp\/v2\/users\/5"}],"replies":[{"embeddable":true,"href":"https:\/\/www.spd-bremen-walle.de\/wordpress\/index.php?rest_route=%2Fwp%2Fv2%2Fcomments&post=720"}],"version-history":[{"count":1,"href":"https:\/\/www.spd-bremen-walle.de\/wordpress\/index.php?rest_route=\/wp\/v2\/posts\/720\/revisions"}],"predecessor-version":[{"id":721,"href":"https:\/\/www.spd-bremen-walle.de\/wordpress\/index.php?rest_route=\/wp\/v2\/posts\/720\/revisions\/721"}],"wp:featuredmedia":[{"embeddable":true,"href":"https:\/\/www.spd-bremen-walle.de\/wordpress\/index.php?rest_route=\/wp\/v2\/media\/726"}],"wp:attachment":[{"href":"https:\/\/www.spd-bremen-walle.de\/wordpress\/index.php?rest_route=%2Fwp%2Fv2%2Fmedia&parent=720"}],"wp:term":[{"taxonomy":"category","embeddable":true,"href":"https:\/\/www.spd-bremen-walle.de\/wordpress\/index.php?rest_route=%2Fwp%2Fv2%2Fcategories&post=720"},{"taxonomy":"post_tag","embeddable":true,"href":"https:\/\/www.spd-bremen-walle.de\/wordpress\/index.php?rest_route=%2Fwp%2Fv2%2Ftags&post=720"}],"curies":[{"name":"wp","href":"https:\/\/api.w.org\/{rel}","templated":true}]}}